[{"@context":"https:\/\/schema.org\/","@type":"Article","@id":"https:\/\/www.peril.cz\/bazen-pro-prvni-rande\/#Article","mainEntityOfPage":"https:\/\/www.peril.cz\/bazen-pro-prvni-rande\/","headline":"Baz\u00e9n pro prvn\u00ed rande","name":"Baz\u00e9n pro prvn\u00ed rande","description":"P\u0159edstavte si, \u017ee se mlad\u00fd mu\u017e, co zd\u011bdil po prarodi\u010d\u00edch star\u0161\u00ed rodinn\u00fd domek, rozhodne vybudovat na sv\u00e9 zahrad\u011b zapu\u0161t\u011bn\u00fd.","datePublished":"2025-12-23","dateModified":"2025-12-23","author":{"@type":"Person","@id":"https:\/\/www.peril.cz\/author\/#Person","name":"","url":"https:\/\/www.peril.cz\/author\/","identifier":1,"image":{"@type":"ImageObject","@id":"https:\/\/secure.gravatar.com\/avatar\/16435f0a6c9262449b9ebb39f63178cd65c54b09f931b6f84682f48086e3d763?s=96&d=mm&r=g","url":"https:\/\/secure.gravatar.com\/avatar\/16435f0a6c9262449b9ebb39f63178cd65c54b09f931b6f84682f48086e3d763?s=96&d=mm&r=g","height":96,"width":96}},"publisher":{"@type":"Organization","name":"peril.cz","logo":{"@type":"ImageObject","@id":"\/logo.png","url":"\/logo.png","width":600,"height":60}},"image":{"@type":"ImageObject","@id":"https:\/\/www.peril.cz\/wp-content\/uploads\/pool-2737237_640.jpg","url":"https:\/\/www.peril.cz\/wp-content\/uploads\/pool-2737237_640.jpg","height":0,"width":0},"url":"https:\/\/www.peril.cz\/bazen-pro-prvni-rande\/","about":["V\u00fdrobky"],"wordCount":430,"articleBody":"       P\u0159edstavte si, \u017ee se mlad\u00fd mu\u017e, co zd\u011bdil po prarodi\u010d\u00edch star\u0161\u00ed rodinn\u00fd domek, rozhodne vybudovat na sv\u00e9 zahrad\u011b zapu\u0161t\u011bn\u00fd baz\u00e9n. \u017dije v domku s\u00e1m a baz\u00e9n bude cht\u00edt vyu\u017e\u00edt jako spole\u010dn\u00edka pro osam\u011bl\u00e9 ve\u010dery p\u0159i sv\u00ed\u010dk\u00e1ch a LED diodov\u00e9m osv\u011btlen\u00ed. T\u00edmto zp\u016fsobem bude vyu\u017e\u00edvat sv\u016fj baz\u00e9n n\u011bkolik sez\u00f3n, a\u017e k nim do firmy nastoup\u00ed pohledn\u00e1 d\u00edvka a mlad\u00edk dostane za \u00fakol v\u011bnovat se j\u00ed v individu\u00e1ln\u00edm pracovn\u00edm z\u00e1cviku. Oba dva si za\u010dnou rozum\u011bt i mimo pracovn\u00ed z\u00e1le\u017eitosti a jednoho dne se domluv\u00ed, \u017ee mlad\u00edk d\u00edvku pozve k sob\u011b do domu. Doty\u010dn\u00e1 mlad\u00e1 \u017eena v\u0161ak nebude v\u011bd\u011bt, \u017ee se na zahrad\u011b ukr\u00fdv\u00e1 kr\u00e1sn\u00fd a \u010dist\u00fd baz\u00e9n, o to v\u011bt\u0161\u00ed p\u0159ekvapen\u00ed bude, kdy\u017e j\u00ed mu\u017e vyzve, aby si vzala s sebou na rande plavky, \u017ee by si spolu mohli j\u00edt zaplavat do baz\u00e9nu. Ona se bude domn\u00edvat, \u017ee p\u016fjdou do plaveck\u00e9ho baz\u00e9nu, ale nakonec pochop\u00ed, jak to s t\u00edm plav\u00e1n\u00edm vlastn\u011b je. Mlad\u00edk v\u0161ak nebude \u017e\u00e1dn\u00fd hlup\u00e1k a nic nenech\u00e1 n\u00e1hod\u011b. U baz\u00e9nu bude stylov\u00e9 osv\u011btlen\u00ed, bude tu hr\u00e1t i retro hudba, bude tu k dispozici vhodn\u00e9 ob\u010derstven\u00ed a bude mo\u017en\u00e9 si tu zahr\u00e1t minigolf, p\u00e9tanque, badminton a t\u0159eba i \u0161achy. \u010cist\u00fd a prostorn\u00fd zahradn\u00ed baz\u00e9n, kter\u00fd je obklopen\u00fd sv\u011b\u017ee zelen\u00fdm tr\u00e1vn\u00edkem, okrasn\u00fdmi d\u0159evinami a skalni\u010dkami, m\u016f\u017ee d\u00edvku natolik pot\u011b\u0161it, \u017ee bude cht\u00edt prvn\u00ed rande zopakovat pr\u00e1v\u011b zde. Baz\u00e9n je b\u00e1je\u010dn\u00e9 prost\u0159ed\u00ed pro relaxaci, pro osobn\u00ed rozhovor pod hladinou i na dece na tr\u00e1vn\u00edku vedle baz\u00e9nu a baz\u00e9n je tak\u00e9 vhodn\u00e9 prost\u0159ed\u00ed pro relaxa\u010dn\u00ed mas\u00e1\u017e zad, jemnou mot\u00fdl\u00ed mas\u00e1\u017e vlasat\u00e9 \u010d\u00e1sti hlavy a reflexn\u00ed mas\u00e1\u017e bos\u00fdch chodidel. Baz\u00e9n do zem\u011b na zahrad\u011b tak\u00e9 m\u016f\u017ee poslou\u017eit pro koupel po z\u00e1padu slunce a v t\u00e9to dob\u011b by tak\u00e9 mohl b\u00fdt ide\u00e1ln\u00edm prost\u0159ed\u00edm pro partnersk\u00e9 mazlen\u00ed, lask\u00e1n\u00ed a milov\u00e1n\u00ed. A po ur\u010dit\u00e9 dob\u011b m\u016f\u017ee baz\u00e9n poslou\u017eit i jako vhodn\u00e9 prost\u0159ed\u00ed pro uspo\u0159\u00e1d\u00e1n\u00ed svatebn\u00ed oslavy, kdy ka\u017ed\u00fd z host\u016f obdr\u017e\u00ed na pozv\u00e1nce k svatebn\u00ed hostin\u011b p\u0159ipsan\u00fd text: \u201ePlavky s sebou\u201c.                                                                                                                                                                                                                                                                                                                                                                                                  "},{"@context":"https:\/\/schema.org\/","@type":"BreadcrumbList","itemListElement":[{"@type":"ListItem","position":1,"name":"Baz\u00e9n pro prvn\u00ed rande","item":"https:\/\/www.peril.cz\/bazen-pro-prvni-rande\/#breadcrumbitem"}]}]