{"@context":"https:\/\/schema.org\/","@type":"CollectionPage","@id":"https:\/\/www.peril.cz\/cestovani\/#CollectionPage","headline":"Cestov\u00e1n\u00ed Category","description":"","url":"https:\/\/www.peril.cz\/cestovani\/","hasPart":[{"@type":"Article","@id":"https:\/\/www.peril.cz\/sicilie\/","headline":"Sic\u00edlie","url":"https:\/\/www.peril.cz\/sicilie\/","datePublished":"2024-07-30","dateModified":"2024-07-30","mainEntityOfPage":"https:\/\/www.peril.cz\/sicilie\/","author":{"@type":"Person","@id":"https:\/\/www.peril.cz\/author\/#Person","name":"","url":"https:\/\/www.peril.cz\/author\/","identifier":1,"image":{"@type":"ImageObject","@id":"https:\/\/secure.gravatar.com\/avatar\/16435f0a6c9262449b9ebb39f63178cd65c54b09f931b6f84682f48086e3d763?s=96&d=mm&r=g","url":"https:\/\/secure.gravatar.com\/avatar\/16435f0a6c9262449b9ebb39f63178cd65c54b09f931b6f84682f48086e3d763?s=96&d=mm&r=g","height":96,"width":96}},"publisher":{"@type":"Organization","name":"peril.cz","logo":{"@type":"ImageObject","@id":"\/logo.png","url":"\/logo.png","width":600,"height":60}},"image":{"@type":"ImageObject","@id":"https:\/\/www.peril.cz\/wp-content\/uploads\/italy-2476286_640.jpg","url":"https:\/\/www.peril.cz\/wp-content\/uploads\/italy-2476286_640.jpg","height":0,"width":0},"keywords":null},{"@type":"Article","@id":"https:\/\/www.peril.cz\/vydat-se-na-dovolenou-do-cech-nebo-do-zahranici\/","headline":"Vydat se na dovolenou do \u010cech nebo do zahrani\u010d\u00ed?","url":"https:\/\/www.peril.cz\/vydat-se-na-dovolenou-do-cech-nebo-do-zahranici\/","datePublished":"2021-09-15","dateModified":"2023-04-29","mainEntityOfPage":"https:\/\/www.peril.cz\/vydat-se-na-dovolenou-do-cech-nebo-do-zahranici\/","author":{"@type":"Person","@id":"https:\/\/www.peril.cz\/author\/#Person","name":"","url":"https:\/\/www.peril.cz\/author\/","identifier":1,"image":{"@type":"ImageObject","@id":"https:\/\/secure.gravatar.com\/avatar\/16435f0a6c9262449b9ebb39f63178cd65c54b09f931b6f84682f48086e3d763?s=96&d=mm&r=g","url":"https:\/\/secure.gravatar.com\/avatar\/16435f0a6c9262449b9ebb39f63178cd65c54b09f931b6f84682f48086e3d763?s=96&d=mm&r=g","height":96,"width":96}},"publisher":{"@type":"Organization","name":"peril.cz","logo":{"@type":"ImageObject","@id":"\/logo.png","url":"\/logo.png","width":600,"height":60}},"image":{"@type":"ImageObject","@id":"https:\/\/www.peril.cz\/wp-content\/uploads\/plane-513641_960_720.jpg","url":"https:\/\/www.peril.cz\/wp-content\/uploads\/plane-513641_960_720.jpg","height":0,"width":0},"keywords":null},{"@type":"Article","@id":"https:\/\/www.peril.cz\/dovolena-v-omanu-10-duvodu-proc-ano\/","headline":"Dovolen\u00e1 v Om\u00e1nu &#8211; 10 d\u016fvod\u016f, pro\u010d ano","url":"https:\/\/www.peril.cz\/dovolena-v-omanu-10-duvodu-proc-ano\/","datePublished":"2021-09-05","dateModified":"2023-04-29","mainEntityOfPage":"https:\/\/www.peril.cz\/dovolena-v-omanu-10-duvodu-proc-ano\/","author":{"@type":"Person","@id":"https:\/\/www.peril.cz\/author\/#Person","name":"","url":"https:\/\/www.peril.cz\/author\/","identifier":1,"image":{"@type":"ImageObject","@id":"https:\/\/secure.gravatar.com\/avatar\/16435f0a6c9262449b9ebb39f63178cd65c54b09f931b6f84682f48086e3d763?s=96&d=mm&r=g","url":"https:\/\/secure.gravatar.com\/avatar\/16435f0a6c9262449b9ebb39f63178cd65c54b09f931b6f84682f48086e3d763?s=96&d=mm&r=g","height":96,"width":96}},"publisher":{"@type":"Organization","name":"peril.cz","logo":{"@type":"ImageObject","@id":"\/logo.png","url":"\/logo.png","width":600,"height":60}},"image":{"@type":"ImageObject","@id":"https:\/\/www.peril.cz\/wp-content\/uploads\/sultan-qaboos-grand-mosque-.jpg","url":"https:\/\/www.peril.cz\/wp-content\/uploads\/sultan-qaboos-grand-mosque-.jpg","height":0,"width":0},"keywords":null},{"@type":"Article","@id":"https:\/\/www.peril.cz\/svetla-na-ktera-je-spolehnuti\/","headline":"Sv\u011btla, na kter\u00e1 je spolehnut\u00ed","url":"https:\/\/www.peril.cz\/svetla-na-ktera-je-spolehnuti\/","datePublished":"2019-09-24","dateModified":"2023-04-29","mainEntityOfPage":"https:\/\/www.peril.cz\/svetla-na-ktera-je-spolehnuti\/","author":{"@type":"Person","@id":"https:\/\/www.peril.cz\/author\/#Person","name":"","url":"https:\/\/www.peril.cz\/author\/","identifier":1,"image":{"@type":"ImageObject","@id":"https:\/\/secure.gravatar.com\/avatar\/16435f0a6c9262449b9ebb39f63178cd65c54b09f931b6f84682f48086e3d763?s=96&d=mm&r=g","url":"https:\/\/secure.gravatar.com\/avatar\/16435f0a6c9262449b9ebb39f63178cd65c54b09f931b6f84682f48086e3d763?s=96&d=mm&r=g","height":96,"width":96}},"publisher":{"@type":"Organization","name":"peril.cz","logo":{"@type":"ImageObject","@id":"\/logo.png","url":"\/logo.png","width":600,"height":60}},"image":{"@type":"ImageObject","@id":"https:\/\/www.peril.cz\/wp-content\/uploads\/img_a363719_w4371_t1576509418.jpg","url":"https:\/\/www.peril.cz\/wp-content\/uploads\/img_a363719_w4371_t1576509418.jpg","height":0,"width":0},"keywords":null}]}