[{"@context":"https:\/\/schema.org\/","@type":"Article","@id":"https:\/\/www.peril.cz\/dlouhe-vlasy-zarici-zdravim\/#Article","mainEntityOfPage":"https:\/\/www.peril.cz\/dlouhe-vlasy-zarici-zdravim\/","headline":"Dlouh\u00e9 vlasy z\u00e1\u0159\u00edc\u00ed zdrav\u00edm","name":"Dlouh\u00e9 vlasy z\u00e1\u0159\u00edc\u00ed zdrav\u00edm","description":"V dne\u0161n\u00ed dob\u011b tou\u017e\u00ed ka\u017ed\u00e1 mlad\u00e1 d\u00edvka po vlastn\u00edch dlouh\u00fdch vlasech, kter\u00e9 jsou nav\u00edc kr\u00e1sn\u00e9 a leskl\u00e9. \u017deny, kter\u00e9.","datePublished":"2023-10-15","dateModified":"2023-10-15","author":{"@type":"Person","@id":"https:\/\/www.peril.cz\/author\/#Person","name":"","url":"https:\/\/www.peril.cz\/author\/","identifier":1,"image":{"@type":"ImageObject","@id":"https:\/\/secure.gravatar.com\/avatar\/16435f0a6c9262449b9ebb39f63178cd65c54b09f931b6f84682f48086e3d763?s=96&d=mm&r=g","url":"https:\/\/secure.gravatar.com\/avatar\/16435f0a6c9262449b9ebb39f63178cd65c54b09f931b6f84682f48086e3d763?s=96&d=mm&r=g","height":96,"width":96}},"publisher":{"@type":"Organization","name":"peril.cz","logo":{"@type":"ImageObject","@id":"\/logo.png","url":"\/logo.png","width":600,"height":60}},"url":"https:\/\/www.peril.cz\/dlouhe-vlasy-zarici-zdravim\/","wordCount":234,"articleBody":"V dne\u0161n\u00ed dob\u011b tou\u017e\u00ed ka\u017ed\u00e1 mlad\u00e1 d\u00edvka po vlastn\u00edch dlouh\u00fdch vlasech, kter\u00e9 jsou nav\u00edc kr\u00e1sn\u00e9 a leskl\u00e9. \u017deny, kter\u00e9 si pram\u00ednky pravideln\u011b barv\u00ed, maj\u00ed probl\u00e9my s jejich dor\u016fst\u00e1n\u00edm. I kdy\u017e vlasy neust\u00e1le rostou, z\u016fst\u00e1vaj\u00ed kv\u016fli l\u00e1mavosti st\u00e1le na stejn\u00e9 d\u00e9lce. Tomuto nemil\u00e9mu probl\u00e9mu m\u016f\u017eete p\u0159edej\u00edt t\u00edm, \u017ee si do jednotliv\u00fdch pram\u00ednk\u016f za\u017eehl\u00edte brazilsk\u00fd keratin. D\u00edky t\u00e9to vlasov\u00e9 masce si zajist\u00edte zdrav\u00fd r\u016fst. U\u017e po jedn\u00e9 aplikaci zaznamen\u00e1te viditeln\u00fd posun v r\u016fstu Va\u0161ich kade\u0159\u00ed. Tento skv\u011bl\u00fd produkt m\u00e1 z\u00e1zra\u010dn\u00e9 \u00fa\u010dinky.Nezapom\u00ednejte na regeneraci pro Va\u0161e vlasyJen kr\u00e1sn\u00e9 a zdrav\u011b vypadaj\u00edc\u00ed vlasy V\u00e1m zajist\u00ed mlad\u00fd vzhled! D\u00edky aplikaci brazilsk\u00e9ho keratinu ozdrav\u00edte Va\u0161e pram\u00ednky a to u\u017e po jednom pou\u017eit\u00ed. Budou vypadat kr\u00e1sn\u011b hladce a leskle. Tato maska se doporu\u010duje aplikovat p\u0159ed l\u00e9tem i zimou. V hork\u00fdch letn\u00edch dnech ochr\u00e1n\u00ed Va\u0161e pram\u00ednky p\u0159ed UV z\u00e1\u0159en\u00edm a slanou mo\u0159skou vodou. V zimn\u00edm obdob\u00ed hrav\u011b odol\u00e1 mrazu, kter\u00fd vlasy tak\u00e9 po\u0161kozuje. V\u00e1\u0161 \u00fa\u010des bude st\u00e1le dokonal\u00fd. Aplikace je vhodn\u00e1 i pro dom\u00e1c\u00ed aplikaci. Dle n\u00e1vodu ji hrav\u011b zvl\u00e1dnete sama.                                                                                                                                                                                                                                                                                                                                                                                                "},{"@context":"https:\/\/schema.org\/","@type":"BreadcrumbList","itemListElement":[{"@type":"ListItem","position":1,"name":"Dlouh\u00e9 vlasy z\u00e1\u0159\u00edc\u00ed zdrav\u00edm","item":"https:\/\/www.peril.cz\/dlouhe-vlasy-zarici-zdravim\/#breadcrumbitem"}]}]