[{"@context":"https:\/\/schema.org\/","@type":"Article","@id":"https:\/\/www.peril.cz\/maly-kousek-vaseho-pracovniho-raje\/#Article","mainEntityOfPage":"https:\/\/www.peril.cz\/maly-kousek-vaseho-pracovniho-raje\/","headline":"Mal\u00fd kousek va\u0161eho pracovn\u00edho r\u00e1je","name":"Mal\u00fd kousek va\u0161eho pracovn\u00edho r\u00e1je","description":"Ne v\u0161ichni maj\u00ed doma prostory k tomu, aby si ud\u011blali i sv\u016fj koutek pro pracovnu. Co\u017e je mnohdy na.","datePublished":"2018-11-18","dateModified":"2023-04-29","author":{"@type":"Person","@id":"https:\/\/www.peril.cz\/author\/#Person","name":"","url":"https:\/\/www.peril.cz\/author\/","identifier":1,"image":{"@type":"ImageObject","@id":"https:\/\/secure.gravatar.com\/avatar\/16435f0a6c9262449b9ebb39f63178cd65c54b09f931b6f84682f48086e3d763?s=96&d=mm&r=g","url":"https:\/\/secure.gravatar.com\/avatar\/16435f0a6c9262449b9ebb39f63178cd65c54b09f931b6f84682f48086e3d763?s=96&d=mm&r=g","height":96,"width":96}},"publisher":{"@type":"Organization","name":"peril.cz","logo":{"@type":"ImageObject","@id":"\/logo.png","url":"\/logo.png","width":600,"height":60}},"image":{"@type":"ImageObject","@id":"https:\/\/www.peril.cz\/wp-content\/uploads\/img_a334188_w2821_t1547844126.jpg","url":"https:\/\/www.peril.cz\/wp-content\/uploads\/img_a334188_w2821_t1547844126.jpg","height":0,"width":0},"url":"https:\/\/www.peril.cz\/maly-kousek-vaseho-pracovniho-raje\/","wordCount":469,"articleBody":"\tNe v\u0161ichni maj\u00ed doma prostory k tomu, aby si ud\u011blali i sv\u016fj koutek pro pracovnu. Co\u017e je mnohdy na \u0161kodu, proto\u017ee nen\u00ed nic lep\u0161\u00edho, ne\u017e v\u011bd\u011bt, \u017ee m\u00e1te alespo\u0148 jedno m\u00edsto v dom\u00e1cnosti skute\u010dn\u011b pro sebe, nalezete tam v\u0161e, co pot\u0159ebujete a v\u00edte, \u017ee se nebudete muset p\u0159esouvat poka\u017ed\u00e9 jinam, kdy\u017e se chcete pohltit do pr\u00e1ce i z pohodl\u00ed domova.\tM\u00edt doma vlastn\u00ed pracovnu v\u0161ak nen\u00ed a\u017e tak nemo\u017en\u00fd sen, pokud se dok\u00e1\u017eete ve sv\u00fdch p\u0159edstav\u00e1ch a prostoru jednodu\u0161e uskromnit.\t\t\u25aa\u00a0\u00a0\u00a0\u00a0\u00a0\u00a0\u00a0 Roh ve va\u0161\u00ed lo\u017enici\tLo\u017enice je pokoj, ve kter\u00e9m se nesituuje tolik ud\u00e1losti jako v ostatn\u00edch m\u00edstnostech v byt\u011b. Je tedy mimo\u0159\u00e1dn\u011b velk\u00e1 \u0161ance, \u017ee si v n\u00ed nejen odpo\u010dinete, ale i ud\u011bl\u00e1te v\u0161echny povinnosti spojen\u00e9 s prac\u00ed v klidu, tichosti a hlavn\u011b osamot\u011b.\tV\u011b\u0159te, \u017ee pokud m\u00e1te d\u011bti, ocen\u00edte mo\u017enost ud\u011blat si v\u00e1\u0161 mal\u00fd osobn\u00ed prostor, v rohov\u00e9 \u010d\u00e1sti va\u0161\u00ed lo\u017enice. Posta\u010d\u00ed v\u00e1m um\u00edstit tam st\u016fl, \u017eidli, n\u011bjakou lampu a pop\u0159\u00edpad\u011b namontovat n\u011bjak\u00e9 poli\u010dky na uskladn\u011bn\u00ed va\u0161ich dokument\u016f a pap\u00edr\u016f. A samoz\u0159ejm\u011b, zav\u0159\u00edt za sebou dve\u0159e.\t\u25aa\u00a0\u00a0\u00a0\u00a0\u00a0\u00a0\u00a0 Ob\u00fdvac\u00ed m\u00edstnost jako jedna z mo\u017enost\u00ed\tV p\u0159\u00edpad\u011b, \u017ee v byt\u011b nem\u00e1te moc prostoru, budete se muset uspokojit s t\u00edm, co m\u00e1te k dispozici. Ob\u00fdvac\u00ed pokoj je sice nejv\u00edce vyhled\u00e1vanou \u010d\u00e1st\u00ed domu a v pr\u016fb\u011bhu dne se nevyhnete tomu, \u017ee v n\u011bm bude v\u00edce lid\u00ed, ne\u017e byste cht\u011bli. Pokud v\u0161ak nem\u00e1te na v\u00fdb\u011br, bude v\u00e1m sta\u010dit i ob\u00fdv\u00e1k.\tJestli vlastn\u00edte prostorn\u00fd d\u016fm a nejv\u011bt\u0161\u00ed m\u00edstnost v n\u011bm jste vyu\u017eili k tomu, ud\u011blat z n\u00ed ob\u00fdvac\u00ed pokoj, m\u016f\u017eete si ho rozd\u011blit na dv\u011b \u010d\u00e1sti. Pro odd\u011blen\u00ed va\u0161\u00ed pracovny s ob\u00fdv\u00e1kem, m\u016f\u017eete pou\u017e\u00edt n\u011bjak\u00e9 reg\u00e1ly nebo sk\u0159\u00edn\u011b, pop\u0159\u00edpad\u011b n\u011bjak\u00fd z\u00e1v\u011bs.\t\t\u25aa\u00a0\u00a0\u00a0\u00a0\u00a0\u00a0\u00a0 Rodinn\u00fd d\u016fm a jeho mo\u017enosti\tVe velk\u00e9m dom\u011b se v\u017edy najde v\u00edce m\u00edsta ne\u017e v oby\u010dejn\u00e9m byt\u011b. A to t\u0159eba i k tomu, ud\u011blat si z jedn\u00e9 m\u00edstnosti va\u0161i osobn\u00ed pracovnu. Pokud m\u00e1te zam\u011bstn\u00e1n\u00ed, kter\u00e9 vy\u017eaduje va\u0161i iniciativu i z domova, rozhodn\u011b byste nad touto volbou nem\u011bli v\u00e1hat.\tM\u00edt pokoj v\u00fdhradn\u011b pro sebe, ve kter\u00e9m m\u016f\u017eete neru\u0161en\u011b pracovat, m\u00edt v\u0161e po ruce a nepochybn\u011b i p\u0159ehled o v\u0161em, co tam m\u00e1te, jist\u011b ocen\u00edte.                                                                                                                                                                                                                                                                                                                                                                                                "},{"@context":"https:\/\/schema.org\/","@type":"BreadcrumbList","itemListElement":[{"@type":"ListItem","position":1,"name":"Mal\u00fd kousek va\u0161eho pracovn\u00edho r\u00e1je","item":"https:\/\/www.peril.cz\/maly-kousek-vaseho-pracovniho-raje\/#breadcrumbitem"}]}]