[{"@context":"https:\/\/schema.org\/","@type":"Article","@id":"https:\/\/www.peril.cz\/na-kuchyni-zalezi\/#Article","mainEntityOfPage":"https:\/\/www.peril.cz\/na-kuchyni-zalezi\/","headline":"Na kuchyni z\u00e1le\u017e\u00ed","name":"Na kuchyni z\u00e1le\u017e\u00ed","description":"Ka\u017ed\u00fd z n\u00e1s by m\u011bl n\u011bkde bydlet. A kdy\u017e u\u017e n\u011bkde bydl\u00ed, bez ohledu na to, zda jde o.","datePublished":"2024-12-21","dateModified":"2024-12-21","author":{"@type":"Person","@id":"https:\/\/www.peril.cz\/author\/#Person","name":"","url":"https:\/\/www.peril.cz\/author\/","identifier":1,"image":{"@type":"ImageObject","@id":"https:\/\/secure.gravatar.com\/avatar\/16435f0a6c9262449b9ebb39f63178cd65c54b09f931b6f84682f48086e3d763?s=96&d=mm&r=g","url":"https:\/\/secure.gravatar.com\/avatar\/16435f0a6c9262449b9ebb39f63178cd65c54b09f931b6f84682f48086e3d763?s=96&d=mm&r=g","height":96,"width":96}},"publisher":{"@type":"Organization","name":"peril.cz","logo":{"@type":"ImageObject","@id":"\/logo.png","url":"\/logo.png","width":600,"height":60}},"image":{"@type":"ImageObject","@id":"https:\/\/www.peril.cz\/wp-content\/uploads\/kkkkkk_10.jpg","url":"https:\/\/www.peril.cz\/wp-content\/uploads\/kkkkkk_10.jpg","height":0,"width":0},"url":"https:\/\/www.peril.cz\/na-kuchyni-zalezi\/","about":["V\u00fdrobky"],"wordCount":442,"articleBody":"   Ka\u017ed\u00fd z n\u00e1s by m\u011bl n\u011bkde bydlet. A kdy\u017e u\u017e n\u011bkde bydl\u00ed, bez ohledu na to, zda jde o d\u016fm nebo byt, m\u011bl by tam m\u00edt i kuchyni. A to samoz\u0159ejm\u011b i v p\u0159\u00edpad\u011b, \u017ee se va\u0159en\u00ed zase a\u017e tak moc nev\u011bnuje. Proto\u017ee i ti, kdo b\u011b\u017en\u011b neva\u0159\u00ed, takovou kuchyni dok\u00e1\u017eou vyu\u017e\u00edt. N\u011bkde se p\u0159ece mus\u00ed p\u0159inejmen\u0161\u00edm skladovat nezbytn\u00e1 z\u00e1soba potravin, n\u011bkde si je t\u0159eba oh\u0159\u00e1t dejme tomu vodu na k\u00e1vu \u010di \u010daj, n\u011bkde by m\u011bla b\u00fdt ledni\u010dka na to, co n\u00e1m p\u0159i b\u011b\u017en\u00fdch teplot\u00e1ch nevydr\u017e\u00ed\u2026 A to v\u0161echno n\u00e1m spl\u0148uje dokonale pr\u00e1v\u011b kuchyn\u011b. Ka\u017ed\u00fd, kdo si to m\u016f\u017ee aspo\u0148 trochu dovolit, tedy kuchyni m\u00e1. Nebo aspo\u0148 n\u011bjak\u00fd ten kuchy\u0148sk\u00fd kout.A vzhledem k tomu, \u017ee m\u00edv\u00e1me r\u016fzn\u00e9 objekty a r\u016fzn\u00e9 mo\u017enosti, m\u00edv\u00e1me i r\u016fzn\u00e9 kuchyn\u011b. N\u011bkdy se doposud spokojujeme s tou, kterou jsme z\u00edskali rovnou spole\u010dn\u011b s na\u0161\u00edm panel\u00e1kov\u00fdm bytem, ale to je zvyk, kter\u00fd se u\u017e dlouh\u00e1 l\u00e9ta vytr\u00e1c\u00ed. A je po\u0159\u00e1d v\u00edc lid\u00ed, kte\u0159\u00ed si po\u0159izuj\u00ed kuchyn\u011b podle sv\u00e9ho vlastn\u00edho v\u00fdb\u011bru, podle sv\u00e9ho vkusu. A pokud z\u00edskali bydlen\u00ed s kuchyn\u00ed, je\u017e jim nevyhovuje, vym\u011bnili ji nebo m\u011bn\u00ed za jinou, l\u00e9pe vyhovuj\u00edc\u00ed jejich p\u0159edstav\u00e1m.A kdo je v takov\u00fdch p\u0159\u00edpadech nejl\u00e9pe uspokojen\u00fd? Kdo z\u00edsk\u00e1 kuchyni opravdu takovou, jak\u00e1 odpov\u00edd\u00e1 jeho pot\u0159eb\u00e1m a p\u0159edstav\u00e1m? P\u0159ece ten, kdo si ji nech\u00e1 zhotovit rovnou na m\u00edru. Proto\u017ee ten si m\u016f\u017ee \u0159\u00edci, co by m\u011blo b\u00fdt jak\u00e9, a pak ho nezasko\u010d\u00ed n\u011bjak\u00fd nevyhovuj\u00edc\u00ed parametr. Pro mnoh\u00e9 z n\u00e1s lid\u00ed se tak staly ide\u00e1lem rohov\u00e9 kuchyn\u011b na m\u00edru Glanckuchyne. Proto\u017ee ty dok\u00e1\u017eou splnit v\u0161echna na\u0161e o\u010dek\u00e1v\u00e1n\u00ed, a to a\u0165 u\u017e se jedn\u00e1 o pou\u017eit\u00fd materi\u00e1l, barvu, rozm\u011bry, dv\u00ed\u0159ka, pracovn\u00ed desku nebo t\u0159eba zde instalovan\u00e9 spot\u0159ebi\u010de. Kdy\u017e je v takov\u00e9 kuchyni to, co tam m\u00e1 b\u00fdt, a to tam, kde to m\u00e1 b\u00fdt, kdy\u017e nikde nechyb\u00ed ani nep\u0159eb\u00fdv\u00e1 nevyu\u017eit\u00fd prostor, je to prost\u011b ide\u00e1ln\u00ed \u0159e\u0161en\u00ed. Kter\u00e9 by cht\u011bl m\u00edt ka\u017ed\u00fd. A d\u00edky t\u00e9to nab\u00eddce ho tak\u00e9 ka\u017ed\u00fd z n\u00e1s kdykoliv m\u00edt m\u016f\u017ee.                                                                                                                                                                                                                                                                                                                                                                                                  "},{"@context":"https:\/\/schema.org\/","@type":"BreadcrumbList","itemListElement":[{"@type":"ListItem","position":1,"name":"Na kuchyni z\u00e1le\u017e\u00ed","item":"https:\/\/www.peril.cz\/na-kuchyni-zalezi\/#breadcrumbitem"}]}]