[{"@context":"https:\/\/schema.org\/","@type":"Article","@id":"https:\/\/www.peril.cz\/nechte-se-zlakat-na-letni-osvezeni\/#Article","mainEntityOfPage":"https:\/\/www.peril.cz\/nechte-se-zlakat-na-letni-osvezeni\/","headline":"Nechte se zl\u00e1kat na letn\u00ed osv\u011b\u017een\u00ed","name":"Nechte se zl\u00e1kat na letn\u00ed osv\u011b\u017een\u00ed","description":"Letn\u00ed horka p\u0159\u00edmo volaj\u00ed po vodn\u00edch radov\u00e1nk\u00e1ch. I kdy\u017e to zat\u00edm venku na p\u0159ich\u00e1zej\u00edc\u00ed l\u00e9to p\u0159\u00edli\u0161 nevypad\u00e1, ur\u010dit\u011b o.","datePublished":"2021-04-17","dateModified":"2023-04-29","author":{"@type":"Person","@id":"https:\/\/www.peril.cz\/author\/#Person","name":"","url":"https:\/\/www.peril.cz\/author\/","identifier":1,"image":{"@type":"ImageObject","@id":"https:\/\/secure.gravatar.com\/avatar\/16435f0a6c9262449b9ebb39f63178cd65c54b09f931b6f84682f48086e3d763?s=96&d=mm&r=g","url":"https:\/\/secure.gravatar.com\/avatar\/16435f0a6c9262449b9ebb39f63178cd65c54b09f931b6f84682f48086e3d763?s=96&d=mm&r=g","height":96,"width":96}},"publisher":{"@type":"Organization","name":"peril.cz","logo":{"@type":"ImageObject","@id":"\/logo.png","url":"\/logo.png","width":600,"height":60}},"image":{"@type":"ImageObject","@id":"https:\/\/www.peril.cz\/wp-content\/uploads\/%C5%BEena%20ve%20vod%C4%9B_9.jpg","url":"https:\/\/www.peril.cz\/wp-content\/uploads\/%C5%BEena%20ve%20vod%C4%9B_9.jpg","height":0,"width":0},"url":"https:\/\/www.peril.cz\/nechte-se-zlakat-na-letni-osvezeni\/","about":["Moto"],"wordCount":418,"articleBody":"       Letn\u00ed horka p\u0159\u00edmo volaj\u00ed po vodn\u00edch radov\u00e1nk\u00e1ch. I kdy\u017e to zat\u00edm venku na p\u0159ich\u00e1zej\u00edc\u00ed l\u00e9to p\u0159\u00edli\u0161 nevypad\u00e1, ur\u010dit\u011b o sob\u011b d\u00e1 brzy v\u011bd\u011bt v pln\u00e9 s\u00edle a je dobr\u00e9 b\u00fdt na vysok\u00e9 teploty p\u0159inejmen\u0161\u00edm p\u0159ipraveni. Nen\u00ed tomu tak d\u00e1vno, kdy se lid\u00e9 mohli voln\u011b vypravit k jak\u00e9koliv p\u0159\u00edrodn\u00ed plo\u0161e s jistotu, \u017ee na n\u011b bude \u010dekat \u010dist\u00e1 a zdravotn\u011b nez\u00e1vadn\u00e1 voda, ve kter\u00e9 se budou moci osv\u011b\u017eit. Jen\u017ee ty doby jsou bohu\u017eel ty tam. Vlivem vysok\u00fdch teplot a nedostate\u010dn\u00fdch sr\u00e1\u017eek se v\u011bt\u0161ina stojat\u00fdch vod zabarv\u00ed do zelena vlivem \u0159as a sinic. Jejich velk\u00e1 koncentrace je pro na\u0161e t\u011blo zdrav\u00ed \u0161kodliv\u00e1 a koup\u00e1n\u00ed v takov\u00e9 vod\u011b se nedoporu\u010duje ba dokonce na n\u011bkter\u00fdch toc\u00edch je zak\u00e1z\u00e1no pod trestem vysok\u00e9 pokuty. A tak se lid\u00e9 pomalu ale jist\u011b od p\u0159\u00edrodn\u00edch tok\u016f p\u0159em\u00edstili k t\u011bm um\u011bl\u00fdm. S v\u011bt\u0161\u00ed \u010di men\u0161\u00ed pravidelnost\u00ed tak m\u016f\u017eeme po cel\u00e9 republice vid\u011bt p\u0159epln\u011bn\u00e9 koupali\u0161t\u011b i baz\u00e9ny, kter\u00e9 pr\u00e1v\u011b v letn\u00edch m\u011bs\u00edc\u00edch doslova praskaj\u00ed ve \u0161vech. Majitel\u00e9 koupali\u0161\u0165 cht\u011bj\u00ed vyu\u017e\u00edt tepl\u00e9 letn\u00ed dny a nijak neomezuj\u00ed kapacitu a tak se m\u016f\u017eeme \u010dasto setkat s jevem hlava na hlav\u011b. Jen m\u00e1lokomu je ale p\u0159\u00edjemn\u00e9 sv\u00e9 nap\u016fl obna\u017een\u00e9 t\u011blo d\u00e1vat na odiv zv\u011bdav\u00fdm a soud\u00edc\u00edm pohled\u016fm, kter\u00e9 na v\u00e1s dopadaj\u00ed doslova ze v\u0161ech stran. St\u00e1le v\u00edce tedy p\u0159ib\u00fdv\u00e1 lid\u00ed, kte\u0159\u00ed se odm\u00edtaj\u00ed z\u00fa\u010dastnit takov\u00e9ho koncentrovan\u00e9ho shroma\u017e\u010fov\u00e1n\u00ed polonah\u00fdch t\u011bl a rad\u011bji se rozhodnou pro daleko p\u0159\u00edjemn\u011bj\u0161\u00ed alternativu v podob\u011b baz\u00e9nu na sv\u00e9 zahrad\u011b. V\u00fdhodu samoz\u0159ejm\u011b maj\u00ed ti, kte\u0159\u00ed zahradu maj\u00ed nebo alespo\u0148 ve sv\u00e9m okol\u00ed maj\u00ed vst\u0159\u00edcn\u00e9 sousedi, kte\u0159\u00ed jim \u010das od \u010dasu dop\u0159ej\u00ed to pot\u011b\u0161en\u00ed vykoupat se. Vlastn\u00ed baz\u00e9n je v\u0161ak pom\u011brn\u011b vysok\u00e1 investice a spole\u010dn\u011b s baz\u00e9nov\u00fdm p\u0159\u00edslu\u0161enstv\u00edm se m\u016f\u017ee znateln\u011b prodra\u017eit. Ze za\u010d\u00e1tku si v\u0161ak vysta\u010d\u00edte pouze se z\u00e1kladn\u00edm vybaven\u00edm, jako je desinfekce, teleskopick\u00e1 ty\u010d spole\u010dn\u011b se ko\u0161em na list\u00ed a drobn\u011bj\u0161\u00ed ne\u010distoty pohupuj\u00edc\u00ed se na hladin\u011b.                                                                                                                                                                                                                                                                                                                                                                                                   "},{"@context":"https:\/\/schema.org\/","@type":"BreadcrumbList","itemListElement":[{"@type":"ListItem","position":1,"name":"Nechte se zl\u00e1kat na letn\u00ed osv\u011b\u017een\u00ed","item":"https:\/\/www.peril.cz\/nechte-se-zlakat-na-letni-osvezeni\/#breadcrumbitem"}]}]