{"@context":"https:\/\/schema.org\/","@type":"CollectionPage","@id":"https:\/\/www.peril.cz\/vyrobky\/#CollectionPage","headline":"V\u00fdrobky Category","description":"","url":"https:\/\/www.peril.cz\/vyrobky\/","hasPart":[{"@type":"Article","@id":"https:\/\/www.peril.cz\/kolagen-i-typu-k-cemu-nam-je\/","headline":"Kolagen I. typu &#8211; k \u010demu n\u00e1m je?","url":"https:\/\/www.peril.cz\/kolagen-i-typu-k-cemu-nam-je\/","datePublished":"2023-06-20","dateModified":"2023-07-28","mainEntityOfPage":"https:\/\/www.peril.cz\/kolagen-i-typu-k-cemu-nam-je\/","author":{"@type":"Person","@id":"https:\/\/www.peril.cz\/author\/#Person","name":"","url":"https:\/\/www.peril.cz\/author\/","identifier":1,"image":{"@type":"ImageObject","@id":"https:\/\/secure.gravatar.com\/avatar\/16435f0a6c9262449b9ebb39f63178cd65c54b09f931b6f84682f48086e3d763?s=96&d=mm&r=g","url":"https:\/\/secure.gravatar.com\/avatar\/16435f0a6c9262449b9ebb39f63178cd65c54b09f931b6f84682f48086e3d763?s=96&d=mm&r=g","height":96,"width":96}},"publisher":{"@type":"Organization","name":"peril.cz","logo":{"@type":"ImageObject","@id":"\/logo.png","url":"\/logo.png","width":600,"height":60}},"image":{"@type":"ImageObject","@id":"https:\/\/www.peril.cz\/wp-content\/uploads\/jellybee-Q8bfHJjLubk-unsplash_3.jpg","url":"https:\/\/www.peril.cz\/wp-content\/uploads\/jellybee-Q8bfHJjLubk-unsplash_3.jpg","height":0,"width":0},"keywords":null},{"@type":"Article","@id":"https:\/\/www.peril.cz\/caje-pri-onemocneni\/","headline":"\u010caje p\u0159i onemocn\u011bn\u00ed","url":"https:\/\/www.peril.cz\/caje-pri-onemocneni\/","datePublished":"2023-01-10","dateModified":"2023-04-29","mainEntityOfPage":"https:\/\/www.peril.cz\/caje-pri-onemocneni\/","author":{"@type":"Person","@id":"https:\/\/www.peril.cz\/author\/#Person","name":"","url":"https:\/\/www.peril.cz\/author\/","identifier":1,"image":{"@type":"ImageObject","@id":"https:\/\/secure.gravatar.com\/avatar\/16435f0a6c9262449b9ebb39f63178cd65c54b09f931b6f84682f48086e3d763?s=96&d=mm&r=g","url":"https:\/\/secure.gravatar.com\/avatar\/16435f0a6c9262449b9ebb39f63178cd65c54b09f931b6f84682f48086e3d763?s=96&d=mm&r=g","height":96,"width":96}},"publisher":{"@type":"Organization","name":"peril.cz","logo":{"@type":"ImageObject","@id":"\/logo.png","url":"\/logo.png","width":600,"height":60}},"image":{"@type":"ImageObject","@id":"https:\/\/www.peril.cz\/wp-content\/uploads\/reading-g569b38c56_1920.jpg","url":"https:\/\/www.peril.cz\/wp-content\/uploads\/reading-g569b38c56_1920.jpg","height":0,"width":0},"keywords":null},{"@type":"Article","@id":"https:\/\/www.peril.cz\/jak-na-piva\/","headline":"Jak na piva","url":"https:\/\/www.peril.cz\/jak-na-piva\/","datePublished":"2022-06-19","dateModified":"2023-07-21","mainEntityOfPage":"https:\/\/www.peril.cz\/jak-na-piva\/","author":{"@type":"Person","@id":"https:\/\/www.peril.cz\/author\/#Person","name":"","url":"https:\/\/www.peril.cz\/author\/","identifier":1,"image":{"@type":"ImageObject","@id":"https:\/\/secure.gravatar.com\/avatar\/16435f0a6c9262449b9ebb39f63178cd65c54b09f931b6f84682f48086e3d763?s=96&d=mm&r=g","url":"https:\/\/secure.gravatar.com\/avatar\/16435f0a6c9262449b9ebb39f63178cd65c54b09f931b6f84682f48086e3d763?s=96&d=mm&r=g","height":96,"width":96}},"publisher":{"@type":"Organization","name":"peril.cz","logo":{"@type":"ImageObject","@id":"\/logo.png","url":"\/logo.png","width":600,"height":60}},"image":{"@type":"ImageObject","@id":"https:\/\/www.peril.cz\/wp-content\/uploads\/marketingg_1.jpg","url":"https:\/\/www.peril.cz\/wp-content\/uploads\/marketingg_1.jpg","height":0,"width":0},"keywords":null},{"@type":"Article","@id":"https:\/\/www.peril.cz\/cesta-ke-krasne-postave-zacina-zmenou-jidelnicku\/","headline":"Cesta ke kr\u00e1sn\u00e9 postav\u011b za\u010d\u00edn\u00e1 zm\u011bnou j\u00eddeln\u00ed\u010dku","url":"https:\/\/www.peril.cz\/cesta-ke-krasne-postave-zacina-zmenou-jidelnicku\/","datePublished":"2022-05-23","dateModified":"2023-04-29","mainEntityOfPage":"https:\/\/www.peril.cz\/cesta-ke-krasne-postave-zacina-zmenou-jidelnicku\/","author":{"@type":"Person","@id":"https:\/\/www.peril.cz\/author\/#Person","name":"","url":"https:\/\/www.peril.cz\/author\/","identifier":1,"image":{"@type":"ImageObject","@id":"https:\/\/secure.gravatar.com\/avatar\/16435f0a6c9262449b9ebb39f63178cd65c54b09f931b6f84682f48086e3d763?s=96&d=mm&r=g","url":"https:\/\/secure.gravatar.com\/avatar\/16435f0a6c9262449b9ebb39f63178cd65c54b09f931b6f84682f48086e3d763?s=96&d=mm&r=g","height":96,"width":96}},"publisher":{"@type":"Organization","name":"peril.cz","logo":{"@type":"ImageObject","@id":"\/logo.png","url":"\/logo.png","width":600,"height":60}},"image":{"@type":"ImageObject","@id":"https:\/\/www.peril.cz\/wp-content\/uploads\/asparagus-2169305_640_1.jpg","url":"https:\/\/www.peril.cz\/wp-content\/uploads\/asparagus-2169305_640_1.jpg","height":0,"width":0},"keywords":null},{"@type":"Article","@id":"https:\/\/www.peril.cz\/vite-ze-svou-rekonstrukci-v-panelovem-dome-musite-nahlasit-komu-a-jak-pri-tom-postupovat\/","headline":"V\u00edte, \u017ee svou rekonstrukci v panelov\u00e9m dom\u011b mus\u00edte nahl\u00e1sit? Komu, a jak p\u0159i tom postupovat?","url":"https:\/\/www.peril.cz\/vite-ze-svou-rekonstrukci-v-panelovem-dome-musite-nahlasit-komu-a-jak-pri-tom-postupovat\/","datePublished":"2021-07-17","dateModified":"2023-04-29","mainEntityOfPage":"https:\/\/www.peril.cz\/vite-ze-svou-rekonstrukci-v-panelovem-dome-musite-nahlasit-komu-a-jak-pri-tom-postupovat\/","author":{"@type":"Person","@id":"https:\/\/www.peril.cz\/author\/#Person","name":"","url":"https:\/\/www.peril.cz\/author\/","identifier":1,"image":{"@type":"ImageObject","@id":"https:\/\/secure.gravatar.com\/avatar\/16435f0a6c9262449b9ebb39f63178cd65c54b09f931b6f84682f48086e3d763?s=96&d=mm&r=g","url":"https:\/\/secure.gravatar.com\/avatar\/16435f0a6c9262449b9ebb39f63178cd65c54b09f931b6f84682f48086e3d763?s=96&d=mm&r=g","height":96,"width":96}},"publisher":{"@type":"Organization","name":"peril.cz","logo":{"@type":"ImageObject","@id":"\/logo.png","url":"\/logo.png","width":600,"height":60}},"image":{"@type":"ImageObject","@id":"https:\/\/www.peril.cz\/wp-content\/uploads\/pexels-photo-5691693.jpeg","url":"https:\/\/www.peril.cz\/wp-content\/uploads\/pexels-photo-5691693.jpeg","height":0,"width":0},"keywords":null},{"@type":"Article","@id":"https:\/\/www.peril.cz\/takze-se-musite-zamerit-na-kvalitni-prestehovani\/","headline":"Tak\u017ee se mus\u00edte zam\u011b\u0159it na kvalitn\u00ed p\u0159est\u011bhov\u00e1n\u00ed","url":"https:\/\/www.peril.cz\/takze-se-musite-zamerit-na-kvalitni-prestehovani\/","datePublished":"2021-06-16","dateModified":"2023-09-21","mainEntityOfPage":"https:\/\/www.peril.cz\/takze-se-musite-zamerit-na-kvalitni-prestehovani\/","author":{"@type":"Person","@id":"https:\/\/www.peril.cz\/author\/#Person","name":"","url":"https:\/\/www.peril.cz\/author\/","identifier":1,"image":{"@type":"ImageObject","@id":"https:\/\/secure.gravatar.com\/avatar\/16435f0a6c9262449b9ebb39f63178cd65c54b09f931b6f84682f48086e3d763?s=96&d=mm&r=g","url":"https:\/\/secure.gravatar.com\/avatar\/16435f0a6c9262449b9ebb39f63178cd65c54b09f931b6f84682f48086e3d763?s=96&d=mm&r=g","height":96,"width":96}},"publisher":{"@type":"Organization","name":"peril.cz","logo":{"@type":"ImageObject","@id":"\/logo.png","url":"\/logo.png","width":600,"height":60}},"image":{"@type":"ImageObject","@id":"https:\/\/www.peril.cz\/wp-content\/uploads\/dod%C3%A1vka%20st%C4%9Bhovac%C3%AD.png","url":"https:\/\/www.peril.cz\/wp-content\/uploads\/dod%C3%A1vka%20st%C4%9Bhovac%C3%AD.png","height":0,"width":0},"keywords":null},{"@type":"Article","@id":"https:\/\/www.peril.cz\/do-you-want-to-rent-a-house\/","headline":"Do you want to rent a house?","url":"https:\/\/www.peril.cz\/do-you-want-to-rent-a-house\/","datePublished":"2021-04-24","dateModified":"2023-10-05","mainEntityOfPage":"https:\/\/www.peril.cz\/do-you-want-to-rent-a-house\/","author":{"@type":"Person","@id":"https:\/\/www.peril.cz\/author\/#Person","name":"","url":"https:\/\/www.peril.cz\/author\/","identifier":1,"image":{"@type":"ImageObject","@id":"https:\/\/secure.gravatar.com\/avatar\/16435f0a6c9262449b9ebb39f63178cd65c54b09f931b6f84682f48086e3d763?s=96&d=mm&r=g","url":"https:\/\/secure.gravatar.com\/avatar\/16435f0a6c9262449b9ebb39f63178cd65c54b09f931b6f84682f48086e3d763?s=96&d=mm&r=g","height":96,"width":96}},"publisher":{"@type":"Organization","name":"peril.cz","logo":{"@type":"ImageObject","@id":"\/logo.png","url":"\/logo.png","width":600,"height":60}},"image":{"@type":"ImageObject","@id":"https:\/\/www.peril.cz\/wp-content\/uploads\/panorama-427997_640.jpg","url":"https:\/\/www.peril.cz\/wp-content\/uploads\/panorama-427997_640.jpg","height":0,"width":0},"keywords":null},{"@type":"Article","@id":"https:\/\/www.peril.cz\/internet-explorer\/","headline":"Internet Explorer","url":"https:\/\/www.peril.cz\/internet-explorer\/","datePublished":"2021-04-12","dateModified":"2023-04-29","mainEntityOfPage":"https:\/\/www.peril.cz\/internet-explorer\/","author":{"@type":"Person","@id":"https:\/\/www.peril.cz\/author\/#Person","name":"","url":"https:\/\/www.peril.cz\/author\/","identifier":1,"image":{"@type":"ImageObject","@id":"https:\/\/secure.gravatar.com\/avatar\/16435f0a6c9262449b9ebb39f63178cd65c54b09f931b6f84682f48086e3d763?s=96&d=mm&r=g","url":"https:\/\/secure.gravatar.com\/avatar\/16435f0a6c9262449b9ebb39f63178cd65c54b09f931b6f84682f48086e3d763?s=96&d=mm&r=g","height":96,"width":96}},"publisher":{"@type":"Organization","name":"peril.cz","logo":{"@type":"ImageObject","@id":"\/logo.png","url":"\/logo.png","width":600,"height":60}},"image":{"@type":"ImageObject","@id":"https:\/\/www.peril.cz\/wp-content\/uploads\/p%C5%99enosn%C3%BD%20po%C4%8D%C3%ADta%C4%8D.PNG","url":"https:\/\/www.peril.cz\/wp-content\/uploads\/p%C5%99enosn%C3%BD%20po%C4%8D%C3%ADta%C4%8D.PNG","height":0,"width":0},"keywords":null},{"@type":"Article","@id":"https:\/\/www.peril.cz\/jak-se-pocita-u-revize-elektroinstalace-cena\/","headline":"Jak se po\u010d\u00edt\u00e1 u revize elektroinstalace cena?","url":"https:\/\/www.peril.cz\/jak-se-pocita-u-revize-elektroinstalace-cena\/","datePublished":"2021-04-12","dateModified":"2023-04-29","mainEntityOfPage":"https:\/\/www.peril.cz\/jak-se-pocita-u-revize-elektroinstalace-cena\/","author":{"@type":"Person","@id":"https:\/\/www.peril.cz\/author\/#Person","name":"","url":"https:\/\/www.peril.cz\/author\/","identifier":1,"image":{"@type":"ImageObject","@id":"https:\/\/secure.gravatar.com\/avatar\/16435f0a6c9262449b9ebb39f63178cd65c54b09f931b6f84682f48086e3d763?s=96&d=mm&r=g","url":"https:\/\/secure.gravatar.com\/avatar\/16435f0a6c9262449b9ebb39f63178cd65c54b09f931b6f84682f48086e3d763?s=96&d=mm&r=g","height":96,"width":96}},"publisher":{"@type":"Organization","name":"peril.cz","logo":{"@type":"ImageObject","@id":"\/logo.png","url":"\/logo.png","width":600,"height":60}},"image":{"@type":"ImageObject","@id":"https:\/\/www.peril.cz\/wp-content\/uploads\/elektrikar4_10_1.jpg","url":"https:\/\/www.peril.cz\/wp-content\/uploads\/elektrikar4_10_1.jpg","height":0,"width":0},"keywords":null},{"@type":"Article","@id":"https:\/\/www.peril.cz\/eroticke-masaze-aneb-cesta-do-hlubin-vasi-duse\/","headline":"Erotick\u00e9 mas\u00e1\u017ee aneb cesta do hlubin va\u0161\u00ed du\u0161e","url":"https:\/\/www.peril.cz\/eroticke-masaze-aneb-cesta-do-hlubin-vasi-duse\/","datePublished":"2021-04-12","dateModified":"2023-04-29","mainEntityOfPage":"https:\/\/www.peril.cz\/eroticke-masaze-aneb-cesta-do-hlubin-vasi-duse\/","author":{"@type":"Person","@id":"https:\/\/www.peril.cz\/author\/#Person","name":"","url":"https:\/\/www.peril.cz\/author\/","identifier":1,"image":{"@type":"ImageObject","@id":"https:\/\/secure.gravatar.com\/avatar\/16435f0a6c9262449b9ebb39f63178cd65c54b09f931b6f84682f48086e3d763?s=96&d=mm&r=g","url":"https:\/\/secure.gravatar.com\/avatar\/16435f0a6c9262449b9ebb39f63178cd65c54b09f931b6f84682f48086e3d763?s=96&d=mm&r=g","height":96,"width":96}},"publisher":{"@type":"Organization","name":"peril.cz","logo":{"@type":"ImageObject","@id":"\/logo.png","url":"\/logo.png","width":600,"height":60}},"image":{"@type":"ImageObject","@id":"https:\/\/www.peril.cz\/wp-content\/uploads\/d%C3%ADvka%20na%20%C5%BEidli_1.jpg","url":"https:\/\/www.peril.cz\/wp-content\/uploads\/d%C3%ADvka%20na%20%C5%BEidli_1.jpg","height":0,"width":0},"keywords":null}]}