[{"@context":"https:\/\/schema.org\/","@type":"Article","@id":"https:\/\/www.peril.cz\/zajimava-technika\/#Article","mainEntityOfPage":"https:\/\/www.peril.cz\/zajimava-technika\/","headline":"Zaj\u00edmav\u00e1 technika","name":"Zaj\u00edmav\u00e1 technika","description":"Technick\u00e9 vyn\u00e1lezy jsou velk\u00fdm pokrokem na\u0161\u00ed doby a nev\u00edm, co j\u00e1 osobn\u011b bych si po\u010dala bez n\u011bjak\u00e9 techniky a.","datePublished":"2022-02-13","dateModified":"2023-04-29","author":{"@type":"Person","@id":"https:\/\/www.peril.cz\/author\/#Person","name":"","url":"https:\/\/www.peril.cz\/author\/","identifier":1,"image":{"@type":"ImageObject","@id":"https:\/\/secure.gravatar.com\/avatar\/16435f0a6c9262449b9ebb39f63178cd65c54b09f931b6f84682f48086e3d763?s=96&d=mm&r=g","url":"https:\/\/secure.gravatar.com\/avatar\/16435f0a6c9262449b9ebb39f63178cd65c54b09f931b6f84682f48086e3d763?s=96&d=mm&r=g","height":96,"width":96}},"publisher":{"@type":"Organization","name":"peril.cz","logo":{"@type":"ImageObject","@id":"\/logo.png","url":"\/logo.png","width":600,"height":60}},"image":{"@type":"ImageObject","@id":"https:\/\/www.peril.cz\/wp-content\/uploads\/car-g67a4e2b47_640_1.png","url":"https:\/\/www.peril.cz\/wp-content\/uploads\/car-g67a4e2b47_640_1.png","height":0,"width":0},"url":"https:\/\/www.peril.cz\/zajimava-technika\/","about":["Technika"],"wordCount":423,"articleBody":"Technick\u00e9 vyn\u00e1lezy jsou velk\u00fdm pokrokem na\u0161\u00ed doby a nev\u00edm, co j\u00e1 osobn\u011b bych si po\u010dala bez n\u011bjak\u00e9 techniky a dal\u0161\u00edch podobn\u00fdch v\u011bc\u00ed. Pamatuji si sebe, jak jsem v\u017edycky byla ne\u0161ikovn\u00e1 na n\u011bjakou techniku. Kdybyste v\u011bd\u011bli, jak dlouho mi trvalo, ne\u017e jsem se nau\u010dila jezdit na kole, tak to byste se divili. A mysl\u00edm, \u017ee m\u016fj syn je asi po mn\u011b. Te\u010f podle m\u00e9ho n\u00e1zoru taky z\u00e1le\u017e\u00ed na tom, jak je kdo \u0161ikovn\u00fd na techniku nebo podobn\u00e9 v\u011bci. Pamatuji si, \u017ee j\u00e1 jsem m\u011bla p\u0159idan\u00e1 kole\u010dka na m\u00e9m d\u011btsk\u00e9m kole a\u017e do m\u00fdch 8 let a opravdu si ned\u011bl\u00e1m legraci, bylo to tak. A proto\u017ee m\u016fj syn je po m\u011b, a jemu \u0161est let, taky on m\u00e1 zat\u00edm p\u0159idan\u00e1 kole\u010dka na sv\u00e9m d\u011btsk\u00e9m kole. Podle m\u00e9ho n\u00e1zoru je to asi ka\u017ed\u00e9ho v\u011bc. N\u011bkdo je prost\u011b zdatn\u00fd a technicky vysp\u011bl\u00fd a n\u011bkdo ne.Vezm\u011bte si, kdyby v\u0161ichni byli v technice dokonal\u00fd. Jak by potom ten sv\u011bt vypadal? Samoz\u0159ejm\u011b, \u017ee p\u011bkn\u011b. Ale\u00a0vemte\u00a0si, \u017ee i technika m\u016f\u017ee \u0161kodit. Jist\u011b zn\u00e1te n\u011bjak\u00e9 filmy s roboty, kte\u0159\u00ed se spikli proti lidstvu, sice je to velk\u00fd technick\u00fd vyn\u00e1lez, kter\u00fd jde dop\u0159edu, ale to byste ur\u010dit\u011b necht\u011bli. Te\u010f mysl\u00edm, \u017ee \u010dlov\u011bk m\u00e1 st\u00e1le vl\u00e1dnout sv\u011btu, ne \u017e\u00e1dn\u00fd roboti nebo technika. Samoz\u0159ejm\u011b s technick\u00fdmi v\u011bcmi je to velmi jednoduch\u00e9.Taky ale v\u0161echno bych v\u00e1\u017en\u011b necht\u011bla, aby technika vl\u00e1dla n\u00e1m. Mysl\u00edm, \u017ee by to asi nebylo moc p\u011bkn\u00e9 a taky nepraktick\u00e9. Co bychom my lidi d\u011blali, kdyby v\u0161echno za n\u00e1s d\u011blala technika? Mysl\u00edm, \u017ee bychom jenom sed\u011bli doma, jedli a tloustli. A mysl\u00edm, \u017ee to nen\u00ed zdrav\u00e9. Podle m\u00e9ho n\u00e1zoru by si ka\u017ed\u00fd \u010dlov\u011bk m\u011bl uv\u011bdomit, co je v jeho \u017eivot\u011b d\u016fle\u017eit\u00e9 a co jsou jeho priority. Nap\u0159\u00edklad j\u00e1 moc r\u00e1da d\u011bl\u00e1m n\u011bco rukama r\u00e1da a\u00a0\u0161iju\u00a0a hlavn\u011b pletu. A taky moc r\u00e1da jezd\u00edm na kole. A nyn\u00ed si\u00a0vemte, kdyby n\u011bjak\u00fd robot nebo jin\u00e1 vysp\u011bl\u00e1 technika jezdila na kole za v\u00e1s. Sice ano, jsou\u00a0elektrokola, ale u toho taky mus\u00edte \u0161lapat.                                                                                                                                                                                                                                                                                                                                                                                                "},{"@context":"https:\/\/schema.org\/","@type":"BreadcrumbList","itemListElement":[{"@type":"ListItem","position":1,"name":"Zaj\u00edmav\u00e1 technika","item":"https:\/\/www.peril.cz\/zajimava-technika\/#breadcrumbitem"}]}]